{"id":26355,"date":"2023-03-14T12:16:10","date_gmt":"2023-03-14T15:16:10","guid":{"rendered":"https:\/\/www.gpappp.com.br\/?p=26355"},"modified":"2023-03-14T12:16:10","modified_gmt":"2023-03-14T15:16:10","slug":"nova-iniciativa-no-cppp","status":"publish","type":"post","link":"https:\/\/l5com.com.br\/gpa\/2023\/03\/14\/nova-iniciativa-no-cppp\/","title":{"rendered":"Nova iniciativa no CPPP"},"content":{"rendered":"<p><img decoding=\"async\" width=\"768\" height=\"768\" src=\"https:\/\/l5com.com.br\/gpa\/wp-content\/uploads\/sites\/8\/2023\/03\/Oficina-Musica-768x768.png\" alt=\"Oficina de m\u00fasica\" loading=\"lazy\" \/>\t\t\t\t\t\t\t\t\t\t\t\t\t\t<\/p>\n<p>Iniciamos, recentemente, por meio de parceria com a Ag\u00eancia Adventista de Desenvolvimento e Recursos Assistenciais (ADRA), uma oficina de m\u00fasica semanal composta por 40 presos. Este projeto tem como objetivo formar um coral, integrando e socializando os participantes da oficina, oportunizando apresenta\u00e7\u00f5es para as fam\u00edlias em eventos internos, como o Natal. Participam da a\u00e7\u00e3o pastores volunt\u00e1rios da Igreja Adventista que promovem a evangeliza\u00e7\u00e3o durante os encontros.<\/p>\n<p>Este projeto faz parte do trabalho de ressocializa\u00e7\u00e3o e reintegra\u00e7\u00e3o ao conv\u00edvio social realizado na PPP Prisional. A educa\u00e7\u00e3o e a cultura exercem papel fundamental na forma\u00e7\u00e3o pessoal, moral e intelectual do indiv\u00edduo, sendo assim, tornam-se indispens\u00e1veis nesse processo. Acreditamos que iniciativas como essas despertam sentimentos de mudan\u00e7a e descortinam novas perspectivas de vida aos participantes.<\/p>\n","protected":false},"excerpt":{"rendered":"<p>Por meio de parceria com a Ag\u00eancia Adventista de Desenvolvimento e Recursos Assistenciais (ADRA) a CPPP oferece uma oficina de m\u00fasica aos presos.<\/p>\n","protected":false},"author":1,"featured_media":26358,"comment_status":"open","ping_status":"open","sticky":false,"template":"","format":"standard","meta":{"_et_pb_use_builder":"","_et_pb_old_content":"","_et_gb_content_width":"","footnotes":""},"categories":[9],"tags":[],"class_list":["post-26355","post","type-post","status-publish","format-standard","has-post-thumbnail","hentry","category-social"],"yoast_head":"<!-- This site is optimized with the Yoast SEO plugin v27.5 - https:\/\/yoast.com\/product\/yoast-seo-wordpress\/ -->\n<title>Nova iniciativa no CPPP - GPA PPP<\/title>\n<meta name=\"robots\" content=\"noindex, follow, max-snippet:-1, max-image-preview:large, max-video-preview:-1\" \/>\n<meta property=\"og:locale\" content=\"pt_BR\" \/>\n<meta property=\"og:type\" content=\"article\" \/>\n<meta property=\"og:title\" content=\"Nova iniciativa no CPPP - GPA PPP\" \/>\n<meta property=\"og:description\" content=\"Por meio de parceria com a Ag\u00eancia Adventista de Desenvolvimento e Recursos Assistenciais (ADRA) a CPPP oferece uma oficina de m\u00fasica aos presos.\" \/>\n<meta property=\"og:url\" content=\"https:\/\/l5com.com.br\/gpa\/2023\/03\/14\/nova-iniciativa-no-cppp\/\" \/>\n<meta property=\"og:site_name\" content=\"GPA PPP\" \/>\n<meta property=\"article:published_time\" content=\"2023-03-14T15:16:10+00:00\" \/>\n<meta property=\"og:image\" content=\"https:\/\/www.gpappp.com.br\/wp-content\/uploads\/2023\/03\/Oficina-Musica-768x768.png\" \/>\n<meta name=\"author\" content=\"fshairon\" \/>\n<meta name=\"twitter:card\" content=\"summary_large_image\" \/>\n<meta name=\"twitter:label1\" content=\"Escrito por\" \/>\n\t<meta name=\"twitter:data1\" content=\"fshairon\" \/>\n\t<meta name=\"twitter:label2\" content=\"Est. tempo de leitura\" \/>\n\t<meta name=\"twitter:data2\" content=\"1 minuto\" \/>\n<script type=\"application\/ld+json\" class=\"yoast-schema-graph\">{\"@context\":\"https:\\\/\\\/schema.org\",\"@graph\":[{\"@type\":\"Article\",\"@id\":\"https:\\\/\\\/l5com.com.br\\\/gpa\\\/2023\\\/03\\\/14\\\/nova-iniciativa-no-cppp\\\/#article\",\"isPartOf\":{\"@id\":\"https:\\\/\\\/l5com.com.br\\\/gpa\\\/2023\\\/03\\\/14\\\/nova-iniciativa-no-cppp\\\/\"},\"author\":{\"name\":\"fshairon\",\"@id\":\"https:\\\/\\\/l5com.com.br\\\/gpa\\\/#\\\/schema\\\/person\\\/9b552a7ffbcaf926ea71817bc951fed0\"},\"headline\":\"Nova iniciativa no CPPP\",\"datePublished\":\"2023-03-14T15:16:10+00:00\",\"mainEntityOfPage\":{\"@id\":\"https:\\\/\\\/l5com.com.br\\\/gpa\\\/2023\\\/03\\\/14\\\/nova-iniciativa-no-cppp\\\/\"},\"wordCount\":140,\"commentCount\":0,\"image\":{\"@id\":\"https:\\\/\\\/l5com.com.br\\\/gpa\\\/2023\\\/03\\\/14\\\/nova-iniciativa-no-cppp\\\/#primaryimage\"},\"thumbnailUrl\":\"https:\\\/\\\/l5com.com.br\\\/gpa\\\/wp-content\\\/uploads\\\/sites\\\/8\\\/2023\\\/03\\\/Oficina-Musica.png\",\"articleSection\":[\"Social\"],\"inLanguage\":\"pt-BR\",\"potentialAction\":[{\"@type\":\"CommentAction\",\"name\":\"Comment\",\"target\":[\"https:\\\/\\\/l5com.com.br\\\/gpa\\\/2023\\\/03\\\/14\\\/nova-iniciativa-no-cppp\\\/#respond\"]}]},{\"@type\":\"WebPage\",\"@id\":\"https:\\\/\\\/l5com.com.br\\\/gpa\\\/2023\\\/03\\\/14\\\/nova-iniciativa-no-cppp\\\/\",\"url\":\"https:\\\/\\\/l5com.com.br\\\/gpa\\\/2023\\\/03\\\/14\\\/nova-iniciativa-no-cppp\\\/\",\"name\":\"Nova iniciativa no CPPP - GPA PPP\",\"isPartOf\":{\"@id\":\"https:\\\/\\\/l5com.com.br\\\/gpa\\\/#website\"},\"primaryImageOfPage\":{\"@id\":\"https:\\\/\\\/l5com.com.br\\\/gpa\\\/2023\\\/03\\\/14\\\/nova-iniciativa-no-cppp\\\/#primaryimage\"},\"image\":{\"@id\":\"https:\\\/\\\/l5com.com.br\\\/gpa\\\/2023\\\/03\\\/14\\\/nova-iniciativa-no-cppp\\\/#primaryimage\"},\"thumbnailUrl\":\"https:\\\/\\\/l5com.com.br\\\/gpa\\\/wp-content\\\/uploads\\\/sites\\\/8\\\/2023\\\/03\\\/Oficina-Musica.png\",\"datePublished\":\"2023-03-14T15:16:10+00:00\",\"author\":{\"@id\":\"https:\\\/\\\/l5com.com.br\\\/gpa\\\/#\\\/schema\\\/person\\\/9b552a7ffbcaf926ea71817bc951fed0\"},\"breadcrumb\":{\"@id\":\"https:\\\/\\\/l5com.com.br\\\/gpa\\\/2023\\\/03\\\/14\\\/nova-iniciativa-no-cppp\\\/#breadcrumb\"},\"inLanguage\":\"pt-BR\",\"potentialAction\":[{\"@type\":\"ReadAction\",\"target\":[\"https:\\\/\\\/l5com.com.br\\\/gpa\\\/2023\\\/03\\\/14\\\/nova-iniciativa-no-cppp\\\/\"]}]},{\"@type\":\"ImageObject\",\"inLanguage\":\"pt-BR\",\"@id\":\"https:\\\/\\\/l5com.com.br\\\/gpa\\\/2023\\\/03\\\/14\\\/nova-iniciativa-no-cppp\\\/#primaryimage\",\"url\":\"https:\\\/\\\/l5com.com.br\\\/gpa\\\/wp-content\\\/uploads\\\/sites\\\/8\\\/2023\\\/03\\\/Oficina-Musica.png\",\"contentUrl\":\"https:\\\/\\\/l5com.com.br\\\/gpa\\\/wp-content\\\/uploads\\\/sites\\\/8\\\/2023\\\/03\\\/Oficina-Musica.png\",\"width\":1654,\"height\":1654,\"caption\":\"Oficina de m\u00fasica\"},{\"@type\":\"BreadcrumbList\",\"@id\":\"https:\\\/\\\/l5com.com.br\\\/gpa\\\/2023\\\/03\\\/14\\\/nova-iniciativa-no-cppp\\\/#breadcrumb\",\"itemListElement\":[{\"@type\":\"ListItem\",\"position\":1,\"name\":\"Home\",\"item\":\"https:\\\/\\\/l5com.com.br\\\/gpa\\\/\"},{\"@type\":\"ListItem\",\"position\":2,\"name\":\"Nova iniciativa no CPPP\"}]},{\"@type\":\"WebSite\",\"@id\":\"https:\\\/\\\/l5com.com.br\\\/gpa\\\/#website\",\"url\":\"https:\\\/\\\/l5com.com.br\\\/gpa\\\/\",\"name\":\"GPA PPP\",\"description\":\"\",\"potentialAction\":[{\"@type\":\"SearchAction\",\"target\":{\"@type\":\"EntryPoint\",\"urlTemplate\":\"https:\\\/\\\/l5com.com.br\\\/gpa\\\/?s={search_term_string}\"},\"query-input\":{\"@type\":\"PropertyValueSpecification\",\"valueRequired\":true,\"valueName\":\"search_term_string\"}}],\"inLanguage\":\"pt-BR\"},{\"@type\":\"Person\",\"@id\":\"https:\\\/\\\/l5com.com.br\\\/gpa\\\/#\\\/schema\\\/person\\\/9b552a7ffbcaf926ea71817bc951fed0\",\"name\":\"fshairon\",\"image\":{\"@type\":\"ImageObject\",\"inLanguage\":\"pt-BR\",\"@id\":\"https:\\\/\\\/secure.gravatar.com\\\/avatar\\\/65e6475eea784ff661728ca264ef63940ba2502d129384350b87a5104579ee29?s=96&d=mm&r=g\",\"url\":\"https:\\\/\\\/secure.gravatar.com\\\/avatar\\\/65e6475eea784ff661728ca264ef63940ba2502d129384350b87a5104579ee29?s=96&d=mm&r=g\",\"contentUrl\":\"https:\\\/\\\/secure.gravatar.com\\\/avatar\\\/65e6475eea784ff661728ca264ef63940ba2502d129384350b87a5104579ee29?s=96&d=mm&r=g\",\"caption\":\"fshairon\"},\"sameAs\":[\"https:\\\/\\\/l5com.com.br\"],\"url\":\"https:\\\/\\\/l5com.com.br\\\/gpa\\\/author\\\/fshairon\\\/\"}]}<\/script>\n<!-- \/ Yoast SEO plugin. -->","yoast_head_json":{"title":"Nova iniciativa no CPPP - GPA PPP","robots":{"index":"noindex","follow":"follow","max-snippet":"max-snippet:-1","max-image-preview":"max-image-preview:large","max-video-preview":"max-video-preview:-1"},"og_locale":"pt_BR","og_type":"article","og_title":"Nova iniciativa no CPPP - GPA PPP","og_description":"Por meio de parceria com a Ag\u00eancia Adventista de Desenvolvimento e Recursos Assistenciais (ADRA) a CPPP oferece uma oficina de m\u00fasica aos presos.","og_url":"https:\/\/l5com.com.br\/gpa\/2023\/03\/14\/nova-iniciativa-no-cppp\/","og_site_name":"GPA PPP","article_published_time":"2023-03-14T15:16:10+00:00","og_image":[{"url":"https:\/\/www.gpappp.com.br\/wp-content\/uploads\/2023\/03\/Oficina-Musica-768x768.png","type":"","width":"","height":""}],"author":"fshairon","twitter_card":"summary_large_image","twitter_misc":{"Escrito por":"fshairon","Est. tempo de leitura":"1 minuto"},"schema":{"@context":"https:\/\/schema.org","@graph":[{"@type":"Article","@id":"https:\/\/l5com.com.br\/gpa\/2023\/03\/14\/nova-iniciativa-no-cppp\/#article","isPartOf":{"@id":"https:\/\/l5com.com.br\/gpa\/2023\/03\/14\/nova-iniciativa-no-cppp\/"},"author":{"name":"fshairon","@id":"https:\/\/l5com.com.br\/gpa\/#\/schema\/person\/9b552a7ffbcaf926ea71817bc951fed0"},"headline":"Nova iniciativa no CPPP","datePublished":"2023-03-14T15:16:10+00:00","mainEntityOfPage":{"@id":"https:\/\/l5com.com.br\/gpa\/2023\/03\/14\/nova-iniciativa-no-cppp\/"},"wordCount":140,"commentCount":0,"image":{"@id":"https:\/\/l5com.com.br\/gpa\/2023\/03\/14\/nova-iniciativa-no-cppp\/#primaryimage"},"thumbnailUrl":"https:\/\/l5com.com.br\/gpa\/wp-content\/uploads\/sites\/8\/2023\/03\/Oficina-Musica.png","articleSection":["Social"],"inLanguage":"pt-BR","potentialAction":[{"@type":"CommentAction","name":"Comment","target":["https:\/\/l5com.com.br\/gpa\/2023\/03\/14\/nova-iniciativa-no-cppp\/#respond"]}]},{"@type":"WebPage","@id":"https:\/\/l5com.com.br\/gpa\/2023\/03\/14\/nova-iniciativa-no-cppp\/","url":"https:\/\/l5com.com.br\/gpa\/2023\/03\/14\/nova-iniciativa-no-cppp\/","name":"Nova iniciativa no CPPP - GPA PPP","isPartOf":{"@id":"https:\/\/l5com.com.br\/gpa\/#website"},"primaryImageOfPage":{"@id":"https:\/\/l5com.com.br\/gpa\/2023\/03\/14\/nova-iniciativa-no-cppp\/#primaryimage"},"image":{"@id":"https:\/\/l5com.com.br\/gpa\/2023\/03\/14\/nova-iniciativa-no-cppp\/#primaryimage"},"thumbnailUrl":"https:\/\/l5com.com.br\/gpa\/wp-content\/uploads\/sites\/8\/2023\/03\/Oficina-Musica.png","datePublished":"2023-03-14T15:16:10+00:00","author":{"@id":"https:\/\/l5com.com.br\/gpa\/#\/schema\/person\/9b552a7ffbcaf926ea71817bc951fed0"},"breadcrumb":{"@id":"https:\/\/l5com.com.br\/gpa\/2023\/03\/14\/nova-iniciativa-no-cppp\/#breadcrumb"},"inLanguage":"pt-BR","potentialAction":[{"@type":"ReadAction","target":["https:\/\/l5com.com.br\/gpa\/2023\/03\/14\/nova-iniciativa-no-cppp\/"]}]},{"@type":"ImageObject","inLanguage":"pt-BR","@id":"https:\/\/l5com.com.br\/gpa\/2023\/03\/14\/nova-iniciativa-no-cppp\/#primaryimage","url":"https:\/\/l5com.com.br\/gpa\/wp-content\/uploads\/sites\/8\/2023\/03\/Oficina-Musica.png","contentUrl":"https:\/\/l5com.com.br\/gpa\/wp-content\/uploads\/sites\/8\/2023\/03\/Oficina-Musica.png","width":1654,"height":1654,"caption":"Oficina de m\u00fasica"},{"@type":"BreadcrumbList","@id":"https:\/\/l5com.com.br\/gpa\/2023\/03\/14\/nova-iniciativa-no-cppp\/#breadcrumb","itemListElement":[{"@type":"ListItem","position":1,"name":"Home","item":"https:\/\/l5com.com.br\/gpa\/"},{"@type":"ListItem","position":2,"name":"Nova iniciativa no CPPP"}]},{"@type":"WebSite","@id":"https:\/\/l5com.com.br\/gpa\/#website","url":"https:\/\/l5com.com.br\/gpa\/","name":"GPA PPP","description":"","potentialAction":[{"@type":"SearchAction","target":{"@type":"EntryPoint","urlTemplate":"https:\/\/l5com.com.br\/gpa\/?s={search_term_string}"},"query-input":{"@type":"PropertyValueSpecification","valueRequired":true,"valueName":"search_term_string"}}],"inLanguage":"pt-BR"},{"@type":"Person","@id":"https:\/\/l5com.com.br\/gpa\/#\/schema\/person\/9b552a7ffbcaf926ea71817bc951fed0","name":"fshairon","image":{"@type":"ImageObject","inLanguage":"pt-BR","@id":"https:\/\/secure.gravatar.com\/avatar\/65e6475eea784ff661728ca264ef63940ba2502d129384350b87a5104579ee29?s=96&d=mm&r=g","url":"https:\/\/secure.gravatar.com\/avatar\/65e6475eea784ff661728ca264ef63940ba2502d129384350b87a5104579ee29?s=96&d=mm&r=g","contentUrl":"https:\/\/secure.gravatar.com\/avatar\/65e6475eea784ff661728ca264ef63940ba2502d129384350b87a5104579ee29?s=96&d=mm&r=g","caption":"fshairon"},"sameAs":["https:\/\/l5com.com.br"],"url":"https:\/\/l5com.com.br\/gpa\/author\/fshairon\/"}]}},"_links":{"self":[{"href":"https:\/\/l5com.com.br\/gpa\/wp-json\/wp\/v2\/posts\/26355","targetHints":{"allow":["GET"]}}],"collection":[{"href":"https:\/\/l5com.com.br\/gpa\/wp-json\/wp\/v2\/posts"}],"about":[{"href":"https:\/\/l5com.com.br\/gpa\/wp-json\/wp\/v2\/types\/post"}],"author":[{"embeddable":true,"href":"https:\/\/l5com.com.br\/gpa\/wp-json\/wp\/v2\/users\/1"}],"replies":[{"embeddable":true,"href":"https:\/\/l5com.com.br\/gpa\/wp-json\/wp\/v2\/comments?post=26355"}],"version-history":[{"count":0,"href":"https:\/\/l5com.com.br\/gpa\/wp-json\/wp\/v2\/posts\/26355\/revisions"}],"wp:featuredmedia":[{"embeddable":true,"href":"https:\/\/l5com.com.br\/gpa\/wp-json\/wp\/v2\/media\/26358"}],"wp:attachment":[{"href":"https:\/\/l5com.com.br\/gpa\/wp-json\/wp\/v2\/media?parent=26355"}],"wp:term":[{"taxonomy":"category","embeddable":true,"href":"https:\/\/l5com.com.br\/gpa\/wp-json\/wp\/v2\/categories?post=26355"},{"taxonomy":"post_tag","embeddable":true,"href":"https:\/\/l5com.com.br\/gpa\/wp-json\/wp\/v2\/tags?post=26355"}],"curies":[{"name":"wp","href":"https:\/\/api.w.org\/{rel}","templated":true}]}}